{"id":33210,"date":"2024-05-09T22:33:19","date_gmt":"2024-05-09T20:33:19","guid":{"rendered":"https:\/\/simpl4all.eu\/?p=33210"},"modified":"2024-06-04T11:07:58","modified_gmt":"2024-06-04T09:07:58","slug":"politische-gruppe-bei-lebensgross","status":"publish","type":"post","link":"https:\/\/simpl4all.eu\/de\/aktuelles\/politische-gruppe-bei-lebensgross\/","title":{"rendered":"Politische Gruppe bei LebensGro\u00df"},"content":{"rendered":"\n<p>Bereits seit einigen Jahren besch\u00e4ftigt sich das Forschungsb\u00fcro in unserer LebensGro\u00df-Zentrale mit politischer Teilhabe f\u00fcr Menschen mit Behinderung. 2024 ist nicht nur in \u00d6sterreich, sondern auch weltweit ein Superwahljahr. In \u00d6sterreich wird gleich viermal gew\u00e4hlt. Es wird in zwei Bundesl\u00e4ndern der Landtag gew\u00e4hlt, im Juni findet dann die EU-Wahl statt und abgeschlossen wird das Superwahljahr durch die Nationalratswahl im Herbst.<\/p>\n\n<p>Bereits 2018 wurde ein Forschungsbericht ver\u00f6ffentlicht, der best\u00e4tigt, dass die Wahlbeteiligung unter Menschen mit Behinderung weit unter dem \u00f6sterreichischen Durchschnitt liegt. Laut dieser Studie w\u00e4hlt ein Viertel der befragten Personen gar nicht. H\u00e4ufig genannte Gr\u00fcnde daf\u00fcr sind unter anderem eingeschr\u00e4nkte Mobilit\u00e4t und fehlende Information. Das Problem dabei ist sehr einfach erkl\u00e4rt. Die Bev\u00f6lkerung w\u00e4hlt Politiker:innen, damit ihre Interessen m\u00f6glichst gut vertreten werden. Gibt es aber eine Randgruppe, die nicht w\u00e4hlt, wird sie h\u00f6chstwahrscheinlich in Zukunft weiterhin kaum mitgedacht.<\/p>\n\n<p>Das wollen wir als Organisation \u00e4ndern. Zus\u00e4tzlich zur bereits bestehenden \u201ePolitischen Gruppe\u201c, die sich in regelm\u00e4\u00dfigen Abst\u00e4nden trifft um \u00fcber wichtige und relevante Themen zu diskutieren, wird es heuer weitere Angebote geben. Die Politische Gruppe befasst sich bei jedem Treffen mit einem zuvor ausgew\u00e4hlten Thema. Die Themen sind Arbeit, Bildung, Klima und Gesundheit.<\/p>\n\n<p>Die Arbeitsgruppe dient als Grundlage f\u00fcr \u00f6ffentliche Diskussionen mit bekannten Politiker:innen, die an verschiedenen Terminen zu Gast sein werden. Ziel ist es Politiker:innen und Menschen mit Behinderung in einer \u00f6ffentlichen Diskussion zusammen zu bringen. Das ist deshalb besonders wichtig, weil nur so die Anliegen und Interessen endlich den Raum bekommen, den sie verdienen. Alle Termine werden live \u00fcbertragen und eine Beteilung von au\u00dfen ist mittels Chat-Funktion m\u00f6glich.Der erste Termin der Reihe hat bereits am im April stattgefunden und wurde gut besucht und angenommen.<\/p>\n\n<p>Mit dieser Initiative leisten wir als Organisation einen wertvollen Beitrag zur Partizipation in der Politik und in der Gesellschaft.<\/p>\n","protected":false},"excerpt":{"rendered":"<p>Bereits seit einigen Jahren besch\u00e4ftigt sich das Forschungsb\u00fcro in unserer LebensGro\u00df-Zentrale mit politischer Teilhabe f\u00fcr Menschen mit Behinderung. 2024 ist nicht nur in \u00d6sterreich, sondern auch weltweit ein Superwahljahr. In \u00d6sterreich wird gleich viermal gew\u00e4hlt. Es wird in zwei Bundesl\u00e4ndern der Landtag gew\u00e4hlt, im Juni findet dann die EU-Wahl statt und abgeschlossen wird das Superwahljahr [&hellip;]<\/p>\n","protected":false},"author":2,"featured_media":35868,"comment_status":"closed","ping_status":"closed","sticky":false,"template":"","format":"standard","meta":{"_acf_changed":false,"_et_pb_use_builder":"","_et_pb_old_content":"","_et_gb_content_width":"","footnotes":""},"categories":[41],"tags":[],"acf":[],"_links":{"self":[{"href":"https:\/\/simpl4all.eu\/de\/wp-json\/wp\/v2\/posts\/33210"}],"collection":[{"href":"https:\/\/simpl4all.eu\/de\/wp-json\/wp\/v2\/posts"}],"about":[{"href":"https:\/\/simpl4all.eu\/de\/wp-json\/wp\/v2\/types\/post"}],"author":[{"embeddable":true,"href":"https:\/\/simpl4all.eu\/de\/wp-json\/wp\/v2\/users\/2"}],"replies":[{"embeddable":true,"href":"https:\/\/simpl4all.eu\/de\/wp-json\/wp\/v2\/comments?post=33210"}],"version-history":[{"count":2,"href":"https:\/\/simpl4all.eu\/de\/wp-json\/wp\/v2\/posts\/33210\/revisions"}],"predecessor-version":[{"id":33220,"href":"https:\/\/simpl4all.eu\/de\/wp-json\/wp\/v2\/posts\/33210\/revisions\/33220"}],"wp:featuredmedia":[{"embeddable":true,"href":"https:\/\/simpl4all.eu\/de\/wp-json\/wp\/v2\/media\/35868"}],"wp:attachment":[{"href":"https:\/\/simpl4all.eu\/de\/wp-json\/wp\/v2\/media?parent=33210"}],"wp:term":[{"taxonomy":"category","embeddable":true,"href":"https:\/\/simpl4all.eu\/de\/wp-json\/wp\/v2\/categories?post=33210"},{"taxonomy":"post_tag","embeddable":true,"href":"https:\/\/simpl4all.eu\/de\/wp-json\/wp\/v2\/tags?post=33210"}],"curies":[{"name":"wp","href":"https:\/\/api.w.org\/{rel}","templated":true}]}}