{"id":36974,"date":"2024-05-09T22:33:19","date_gmt":"2024-05-09T20:33:19","guid":{"rendered":"https:\/\/simpl4all.eu\/sin-categorizar\/grupo-politico-en-lebensgros\/"},"modified":"2024-06-13T15:31:56","modified_gmt":"2024-06-13T13:31:56","slug":"grupo-politico-en-lebensgros","status":"publish","type":"post","link":"https:\/\/simpl4all.eu\/es\/noticias\/grupo-politico-en-lebensgros\/","title":{"rendered":"Grupo pol\u00edtico en LebensGro\u00df"},"content":{"rendered":"\n<p>La oficina de investigaci\u00f3n de nuestra sede de LebensGro\u00df lleva varios a\u00f1os trabajando en la participaci\u00f3n pol\u00edtica de las personas con discapacidad. 2024 no solo es un a\u00f1o s\u00faper electoral en Austria, sino tambi\u00e9n en todo el mundo. Habr\u00e1 cuatro elecciones en Austria. El parlamento estatal se elegir\u00e1 en dos estados federales, las elecciones europeas se celebrar\u00e1n en junio y el a\u00f1o de las superelecciones concluir\u00e1 con las elecciones al Consejo Nacional en oto\u00f1o.<\/p>\n\n<p>En 2018 se public\u00f3 un informe de investigaci\u00f3n que confirmaba que la participaci\u00f3n electoral entre las personas con discapacidad est\u00e1 muy por debajo de la media austriaca. Seg\u00fan este estudio, una cuarta parte de los encuestados no vota. Entre las razones que se citan con frecuencia para ello se encuentran la movilidad limitada y la falta de informaci\u00f3n. El problema se explica f\u00e1cilmente. La poblaci\u00f3n vota a los pol\u00edticos para que sus intereses est\u00e9n lo mejor representados posible. Sin embargo, si hay un grupo marginado que no vota, es muy probable que se le siga prestando poca atenci\u00f3n en el futuro.<\/p>\n\n<p>Como organizaci\u00f3n, queremos cambiar esto. Adem\u00e1s del actual \u00abGrupo Pol\u00edtico\u00bb, que se re\u00fane peri\u00f3dicamente para debatir temas importantes y pertinentes, este a\u00f1o habr\u00e1 otras ofertas. El Grupo Pol\u00edtico se centrar\u00e1 en un tema previamente seleccionado en cada reuni\u00f3n. Los temas son el empleo, la educaci\u00f3n, el clima y la salud.<\/p>\n\n<p>El grupo de trabajo sirve de base para discusiones p\u00fablicas con pol\u00edticos conocidos, que ser\u00e1n invitados en diversas fechas. El objetivo es reunir a pol\u00edticos y personas con discapacidad en un debate p\u00fablico. Esto es particularmente importante porque es la \u00fanica manera de dar finalmente a las preocupaciones e intereses el espacio que merecen. Todos los eventos se retransmiten en directo y es posible participar desde el exterior mediante la funci\u00f3n de chat. El primer evento de la serie tuvo lugar en abril y fue muy concurrido y bien recibido.  <\/p>\n\n<p>Con esta iniciativa, como organizaci\u00f3n estamos haciendo una valiosa contribuci\u00f3n a la participaci\u00f3n en la pol\u00edtica y la sociedad.<\/p>\n","protected":false},"excerpt":{"rendered":"<p>La oficina de investigaci\u00f3n de nuestra sede de LebensGro\u00df lleva varios a\u00f1os trabajando en la participaci\u00f3n pol\u00edtica de las personas con discapacidad. 2024 no solo es un a\u00f1o s\u00faper electoral en Austria, sino tambi\u00e9n en todo el mundo. Habr\u00e1 cuatro elecciones en Austria. El parlamento estatal se elegir\u00e1 en dos estados federales, las elecciones europeas [&hellip;]<\/p>\n","protected":false},"author":2,"featured_media":35871,"comment_status":"closed","ping_status":"closed","sticky":false,"template":"","format":"standard","meta":{"_acf_changed":false,"_et_pb_use_builder":"","_et_pb_old_content":"","_et_gb_content_width":"","footnotes":""},"categories":[42],"tags":[],"acf":[],"_links":{"self":[{"href":"https:\/\/simpl4all.eu\/es\/wp-json\/wp\/v2\/posts\/36974"}],"collection":[{"href":"https:\/\/simpl4all.eu\/es\/wp-json\/wp\/v2\/posts"}],"about":[{"href":"https:\/\/simpl4all.eu\/es\/wp-json\/wp\/v2\/types\/post"}],"author":[{"embeddable":true,"href":"https:\/\/simpl4all.eu\/es\/wp-json\/wp\/v2\/users\/2"}],"replies":[{"embeddable":true,"href":"https:\/\/simpl4all.eu\/es\/wp-json\/wp\/v2\/comments?post=36974"}],"version-history":[{"count":1,"href":"https:\/\/simpl4all.eu\/es\/wp-json\/wp\/v2\/posts\/36974\/revisions"}],"predecessor-version":[{"id":36975,"href":"https:\/\/simpl4all.eu\/es\/wp-json\/wp\/v2\/posts\/36974\/revisions\/36975"}],"wp:featuredmedia":[{"embeddable":true,"href":"https:\/\/simpl4all.eu\/es\/wp-json\/wp\/v2\/media\/35871"}],"wp:attachment":[{"href":"https:\/\/simpl4all.eu\/es\/wp-json\/wp\/v2\/media?parent=36974"}],"wp:term":[{"taxonomy":"category","embeddable":true,"href":"https:\/\/simpl4all.eu\/es\/wp-json\/wp\/v2\/categories?post=36974"},{"taxonomy":"post_tag","embeddable":true,"href":"https:\/\/simpl4all.eu\/es\/wp-json\/wp\/v2\/tags?post=36974"}],"curies":[{"name":"wp","href":"https:\/\/api.w.org\/{rel}","templated":true}]}}